{"id":582,"date":"2024-02-09T01:51:54","date_gmt":"2024-02-09T00:51:54","guid":{"rendered":"https:\/\/www.formacours.com\/footcafa\/?p=582"},"modified":"2024-02-16T06:20:25","modified_gmt":"2024-02-16T05:20:25","slug":"revelation-incroyable-du-journaliste-francais-romain-molina-sur-walid-sadi-concernant-djamel-belmadi","status":"publish","type":"post","link":"https:\/\/www.formacours.com\/footcafa\/revelation-incroyable-du-journaliste-francais-romain-molina-sur-walid-sadi-concernant-djamel-belmadi\/","title":{"rendered":"R\u00e9v\u00e9lation incroyable du journaliste fran\u00e7ais Romain Molina sur Walid Sadi concernant Djamel Belmadi"},"content":{"rendered":"\n<figure class=\"wp-block-image size-full\"><img fetchpriority=\"high\" decoding=\"async\" width=\"713\" height=\"350\" src=\"https:\/\/www.formacours.com\/footcafa\/wp-content\/uploads\/sites\/5\/2024\/02\/molina-750x368-removebg-preview-removebg-preview.png\" alt=\"\" class=\"wp-image-583\" srcset=\"https:\/\/www.formacours.com\/footcafa\/wp-content\/uploads\/sites\/5\/2024\/02\/molina-750x368-removebg-preview-removebg-preview.png 713w, https:\/\/www.formacours.com\/footcafa\/wp-content\/uploads\/sites\/5\/2024\/02\/molina-750x368-removebg-preview-removebg-preview-600x295.png 600w, https:\/\/www.formacours.com\/footcafa\/wp-content\/uploads\/sites\/5\/2024\/02\/molina-750x368-removebg-preview-removebg-preview-300x147.png 300w\" sizes=\"(max-width: 713px) 100vw, 713px\" \/><\/figure>\n\n\n\n<p> Le journaliste fran\u00e7ais Romain Molina a fait une revelation scandaleuse sur sa page Facebook, il affirme que le president de F\u00e9d\u00e9ration Alg\u00e9rienne de Football, Walid Sadi, voulait se s\u00e9parer du s\u00e9lectionneur national Djamel Belmadi depuis un certain moment et qu&rsquo;avant le match face \u00e0 la Mauritanie, le m\u00eame pr\u00e9sident a eu des mots tr\u00e8s malheureux contre lui, en gros, qu\u2019importe le r\u00e9sultat lors de la CAN 2023, Belmadi ne resterait pas. C\u2019est ce que certains joueurs ont rapport\u00e9 au s\u00e9lectionneur.\u00a0<\/p>\n\n\n\n<p>Le journaliste fran\u00e7ais a ajout\u00e9 qu\u2019il y a \u00e9norm\u00e9ment de luttes politiques, concernant la gestion de la F\u00e9d\u00e9ration Alg\u00e9rienne de Football et de l\u2019\u00e9quipe nationale d&rsquo;Alg\u00e9rie.<\/p>\n","protected":false},"excerpt":{"rendered":"<p>Le journaliste fran\u00e7ais Romain Molina a fait une revelation scandaleuse sur sa page Facebook, il&#8230;<\/p>\n","protected":false},"author":1,"featured_media":0,"comment_status":"closed","ping_status":"open","sticky":false,"template":"","format":"standard","meta":{"footnotes":""},"categories":[14,22],"tags":[],"class_list":["post-582","post","type-post","status-publish","format-standard","hentry","category-equipe-nationale-a","category-faf"],"_links":{"self":[{"href":"https:\/\/www.formacours.com\/footcafa\/wp-json\/wp\/v2\/posts\/582","targetHints":{"allow":["GET"]}}],"collection":[{"href":"https:\/\/www.formacours.com\/footcafa\/wp-json\/wp\/v2\/posts"}],"about":[{"href":"https:\/\/www.formacours.com\/footcafa\/wp-json\/wp\/v2\/types\/post"}],"author":[{"embeddable":true,"href":"https:\/\/www.formacours.com\/footcafa\/wp-json\/wp\/v2\/users\/1"}],"replies":[{"embeddable":true,"href":"https:\/\/www.formacours.com\/footcafa\/wp-json\/wp\/v2\/comments?post=582"}],"version-history":[{"count":8,"href":"https:\/\/www.formacours.com\/footcafa\/wp-json\/wp\/v2\/posts\/582\/revisions"}],"predecessor-version":[{"id":592,"href":"https:\/\/www.formacours.com\/footcafa\/wp-json\/wp\/v2\/posts\/582\/revisions\/592"}],"wp:attachment":[{"href":"https:\/\/www.formacours.com\/footcafa\/wp-json\/wp\/v2\/media?parent=582"}],"wp:term":[{"taxonomy":"category","embeddable":true,"href":"https:\/\/www.formacours.com\/footcafa\/wp-json\/wp\/v2\/categories?post=582"},{"taxonomy":"post_tag","embeddable":true,"href":"https:\/\/www.formacours.com\/footcafa\/wp-json\/wp\/v2\/tags?post=582"}],"curies":[{"name":"wp","href":"https:\/\/api.w.org\/{rel}","templated":true}]}}