{"id":52,"date":"2024-02-01T21:14:16","date_gmt":"2024-02-01T20:14:16","guid":{"rendered":"https:\/\/www.formacours.com\/footcafa\/?p=52"},"modified":"2024-02-16T06:18:18","modified_gmt":"2024-02-16T05:18:18","slug":"en-a-communique","status":"publish","type":"post","link":"https:\/\/www.formacours.com\/footcafa\/en-a-communique\/","title":{"rendered":"EN A : Communiqu\u00e9 de la FAF"},"content":{"rendered":"\n<figure class=\"wp-block-image aligncenter size-full\"><img fetchpriority=\"high\" decoding=\"async\" width=\"900\" height=\"524\" src=\"https:\/\/www.formacours.com\/footcafa\/wp-content\/uploads\/sites\/5\/2024\/02\/FAF-communique.jpg\" alt=\"\" class=\"wp-image-566\" srcset=\"https:\/\/www.formacours.com\/footcafa\/wp-content\/uploads\/sites\/5\/2024\/02\/FAF-communique.jpg 900w, https:\/\/www.formacours.com\/footcafa\/wp-content\/uploads\/sites\/5\/2024\/02\/FAF-communique-600x349.jpg 600w, https:\/\/www.formacours.com\/footcafa\/wp-content\/uploads\/sites\/5\/2024\/02\/FAF-communique-300x175.jpg 300w, https:\/\/www.formacours.com\/footcafa\/wp-content\/uploads\/sites\/5\/2024\/02\/FAF-communique-768x447.jpg 768w\" sizes=\"(max-width: 900px) 100vw, 900px\" \/><\/figure>\n\n\n\n<p class=\"has-text-align-left\">La f\u00e9d\u00e9ration alg\u00e9rienne de football \u2013 FAF a enregistr\u00e9 avec regret et d\u00e9ception le parcours de l\u2019\u00e9quipe nationale peu glorieux, en de\u00e7\u00e0 des attentes du peuple alg\u00e9rien, lors du premier tour des groupes, \u00e0 la coupe d\u2019Afrique des nations (CAN C\u00f4te d\u2019Ivoire 2023).<\/p>\n\n\n\n<p class=\"has-text-align-left\">Au regard des moyens et conditions mat\u00e9rielles mis \u00e0 disposition par l\u2019\u00c9tat et la f\u00e9d\u00e9ration alg\u00e9rienne de football, il \u00e9tait l\u00e9gitime d\u2019en attendre, en retour, des prestations d\u2019une toute autre stature. Pour la seconde fois cons\u00e9cutive; ( CAN 2021 et CAN 2023 ), l\u2019\u00e9quipe nationale n\u2019a pas franchi le premier tour et s\u2019est class\u00e9e \u00e0 la 4\u00e9me et derni\u00e8re place du groupe. C\u2019est l\u00e0, un \u00e9chec av\u00e9r\u00e9, douloureux et difficilement acceptable, outre l\u2019\u00e9chec \u00e0 la qualification pour la coupe du monde 2022.<\/p>\n\n\n\n<p class=\"has-text-align-left\">La f\u00e9d\u00e9ration, consciente du poids de ses responsabilit\u00e9s et du devoir de sauvegarde des int\u00e9r\u00eats des \u00e9quipes nationales et du football alg\u00e9rien, est intervenue, via son Pr\u00e9sident, Monsieur Walid Sadi, interpellant le s\u00e9lectionneur national, Djamel Belmadi, \u00e0 Bouak\u00e9, en C\u00f4te d\u2019Ivoire, au lendemain de l\u2019am\u00e8re \u00e9limination au premier tour, pour faire le point sur les circonstances de cet \u00e9chec, o\u00f9 un accord mutuel de r\u00e9siliation amiable a \u00e9t\u00e9 convenu. Les discussions entam\u00e9es \u00e0 Bouak\u00e9 devaient aboutir, le lendemain au retour de la d\u00e9l\u00e9gation \u00e0 Alger, \u00e0 la formalisation de l\u2019accord de r\u00e9siliation amiable par le s\u00e9lectionneur et son staff.<\/p>\n\n\n\n<p class=\"has-text-align-left\">D\u00e8s le lendemain, les parties concern\u00e9es avaient r\u00e9pondu \u00e0 l\u2019invitation du pr\u00e9sident de la FAF, en vue de la ratification de l\u2019accord conclu la veille en C\u00f4te d\u2019Ivoire. Tous les membres du staff technique avaient sign\u00e9 l\u2019accord de r\u00e9siliation amiable, \u00e0 l\u2019exception de Djamel Belmadi qui s\u2019est, \u00e9tonnamment r\u00e9tract\u00e9, sollicitant un temps de r\u00e9flexion suppl\u00e9mentaire, consid\u00e9rant l\u2019accord convenu, dans son volet p\u00e9cuniaire, en de\u00e7\u00e0 de ses attentes.<\/p>\n\n\n\n<p class=\"has-text-align-left\">Quatre jours plus tard, la f\u00e9d\u00e9ration n\u2019avait toujours rien re\u00e7u de l\u2019int\u00e9ress\u00e9, qui entre temps, avait quitt\u00e9 le territoire national laissant la f\u00e9d\u00e9ration sans r\u00e9ponse.<\/p>\n\n\n\n<p class=\"has-text-align-left\">La FAF qui a mis tous les moyens \u00e0 la disposition du s\u00e9lectionneur national pour r\u00e9aliser un parcours \u00e0 la hauteur de la notori\u00e9t\u00e9 de l\u2019\u00e9quipe nationale, a enregistr\u00e9 avec beaucoup de regrets le bilan contraire aux attentes, susceptible d\u2019impacter n\u00e9gativement l\u2019image du football alg\u00e9rien.<\/p>\n\n\n\n<p class=\"has-text-align-left\">Guid\u00e9 par le souci d\u2019en finir avec la spirale des \u00e9checs renouvel\u00e9s, il a \u00e9t\u00e9 convenu \u00e0 Bouak\u00e9 d\u2019une s\u00e9paration \u00e0 l\u2019amiable entre les deux parties. Le s\u00e9lectionneur qui, dans un premier temps, avait marqu\u00e9 son accord sur cette option, n\u2019y a plus donn\u00e9 suite. La FAF consid\u00e8re son silence et son d\u00e9part du territoire national comme un refus et se voit contrainte de tourner d\u00e9finitivement la page et de se projeter d\u00e9sormais sur un nouveau challenge avec un nouveau s\u00e9lectionneur et un nouveau staff technique qui seront d\u00e9sign\u00e9s prochainement.<\/p>\n\n\n\n<p class=\"has-text-align-left\">La f\u00e9d\u00e9ration a pris acte de cette posture regrettable et se r\u00e9serve d\u00e9sormais le droit d\u2019en tirer les cons\u00e9quences l\u00e9gitimes. Elle agira en fonction de la protection des int\u00e9r\u00eats majeurs du football national.<\/p>\n\n\n\n<p>Source : FAF<\/p>\n","protected":false},"excerpt":{"rendered":"<p>La f\u00e9d\u00e9ration alg\u00e9rienne de football \u2013 FAF a enregistr\u00e9 avec regret et d\u00e9ception le parcours&#8230;<\/p>\n","protected":false},"author":1,"featured_media":0,"comment_status":"closed","ping_status":"open","sticky":false,"template":"","format":"video","meta":{"footnotes":""},"categories":[22],"tags":[],"class_list":["post-52","post","type-post","status-publish","format-video","hentry","category-faf","post_format-post-format-video"],"_links":{"self":[{"href":"https:\/\/www.formacours.com\/footcafa\/wp-json\/wp\/v2\/posts\/52","targetHints":{"allow":["GET"]}}],"collection":[{"href":"https:\/\/www.formacours.com\/footcafa\/wp-json\/wp\/v2\/posts"}],"about":[{"href":"https:\/\/www.formacours.com\/footcafa\/wp-json\/wp\/v2\/types\/post"}],"author":[{"embeddable":true,"href":"https:\/\/www.formacours.com\/footcafa\/wp-json\/wp\/v2\/users\/1"}],"replies":[{"embeddable":true,"href":"https:\/\/www.formacours.com\/footcafa\/wp-json\/wp\/v2\/comments?post=52"}],"version-history":[{"count":8,"href":"https:\/\/www.formacours.com\/footcafa\/wp-json\/wp\/v2\/posts\/52\/revisions"}],"predecessor-version":[{"id":875,"href":"https:\/\/www.formacours.com\/footcafa\/wp-json\/wp\/v2\/posts\/52\/revisions\/875"}],"wp:attachment":[{"href":"https:\/\/www.formacours.com\/footcafa\/wp-json\/wp\/v2\/media?parent=52"}],"wp:term":[{"taxonomy":"category","embeddable":true,"href":"https:\/\/www.formacours.com\/footcafa\/wp-json\/wp\/v2\/categories?post=52"},{"taxonomy":"post_tag","embeddable":true,"href":"https:\/\/www.formacours.com\/footcafa\/wp-json\/wp\/v2\/tags?post=52"}],"curies":[{"name":"wp","href":"https:\/\/api.w.org\/{rel}","templated":true}]}}