{"id":359,"date":"2024-02-05T01:52:47","date_gmt":"2024-02-05T00:52:47","guid":{"rendered":"https:\/\/www.formacours.com\/footcafa\/?p=359"},"modified":"2024-02-16T06:19:52","modified_gmt":"2024-02-16T05:19:52","slug":"larbitre-assistant-international-mohamed-serradj-decide-de-prendre-sa-retraite","status":"publish","type":"post","link":"https:\/\/www.formacours.com\/footcafa\/larbitre-assistant-international-mohamed-serradj-decide-de-prendre-sa-retraite\/","title":{"rendered":"L\u2019arbitre assistant international Mohamed Serradj prend sa retraite"},"content":{"rendered":"\n<figure class=\"wp-block-image size-large\"><img fetchpriority=\"high\" decoding=\"async\" width=\"1024\" height=\"682\" src=\"https:\/\/www.formacours.com\/footcafa\/wp-content\/uploads\/sites\/5\/2024\/02\/Arbitre-1024x682.jpg\" alt=\"\" class=\"wp-image-360\" srcset=\"https:\/\/www.formacours.com\/footcafa\/wp-content\/uploads\/sites\/5\/2024\/02\/Arbitre-1024x682.jpg 1024w, https:\/\/www.formacours.com\/footcafa\/wp-content\/uploads\/sites\/5\/2024\/02\/Arbitre-600x399.jpg 600w, https:\/\/www.formacours.com\/footcafa\/wp-content\/uploads\/sites\/5\/2024\/02\/Arbitre-300x200.jpg 300w, https:\/\/www.formacours.com\/footcafa\/wp-content\/uploads\/sites\/5\/2024\/02\/Arbitre-768x511.jpg 768w, https:\/\/www.formacours.com\/footcafa\/wp-content\/uploads\/sites\/5\/2024\/02\/Arbitre-1536x1022.jpg 1536w, https:\/\/www.formacours.com\/footcafa\/wp-content\/uploads\/sites\/5\/2024\/02\/Arbitre.jpg 1920w\" sizes=\"(max-width: 1024px) 100vw, 1024px\" \/><\/figure>\n\n\n\n<p>L\u2019arbitre assistant international alg\u00e9rien Mohamed Serradj tire sa r\u00e9v\u00e9rence, a 41 ans il va stopper sa carri\u00e8re d\u2019arbitre apr\u00e8s 23 ans au sifflet dans le championnat Alg\u00e9rien et 10 ans dans la repr\u00e9sentation internationale. Mohamed Serradj a \u00e9crit sur son compte Facebook que le moment est venu pour se retirer, partir et laisser la place \u00e0 d\u2019autres. La F\u00e9d\u00e9ration Alg\u00e9rienne de football (FAF) devrait prochainement officialiser l\u2019information.<\/p>\n\n\n\n<p>La carri\u00e8re internationale de l\u2019officiel a d\u00e9but\u00e9 en  2014, \u00e0 l&rsquo;age de 31 ans, quand il a \u00e9t\u00e9 d\u00e9sign\u00e9 dans le trio arbitral  avec Mohamed Benouza et Bouabdallah Omar, pour le match retour des huiti\u00e8mes de final coupe de la Confederation.  <\/p>\n","protected":false},"excerpt":{"rendered":"<p>L\u2019arbitre assistant international alg\u00e9rien Mohamed Serradj tire sa r\u00e9v\u00e9rence, a 41 ans il va stopper&#8230;<\/p>\n","protected":false},"author":1,"featured_media":0,"comment_status":"closed","ping_status":"open","sticky":false,"template":"","format":"standard","meta":{"footnotes":""},"categories":[22],"tags":[],"class_list":["post-359","post","type-post","status-publish","format-standard","hentry","category-faf"],"_links":{"self":[{"href":"https:\/\/www.formacours.com\/footcafa\/wp-json\/wp\/v2\/posts\/359","targetHints":{"allow":["GET"]}}],"collection":[{"href":"https:\/\/www.formacours.com\/footcafa\/wp-json\/wp\/v2\/posts"}],"about":[{"href":"https:\/\/www.formacours.com\/footcafa\/wp-json\/wp\/v2\/types\/post"}],"author":[{"embeddable":true,"href":"https:\/\/www.formacours.com\/footcafa\/wp-json\/wp\/v2\/users\/1"}],"replies":[{"embeddable":true,"href":"https:\/\/www.formacours.com\/footcafa\/wp-json\/wp\/v2\/comments?post=359"}],"version-history":[{"count":3,"href":"https:\/\/www.formacours.com\/footcafa\/wp-json\/wp\/v2\/posts\/359\/revisions"}],"predecessor-version":[{"id":556,"href":"https:\/\/www.formacours.com\/footcafa\/wp-json\/wp\/v2\/posts\/359\/revisions\/556"}],"wp:attachment":[{"href":"https:\/\/www.formacours.com\/footcafa\/wp-json\/wp\/v2\/media?parent=359"}],"wp:term":[{"taxonomy":"category","embeddable":true,"href":"https:\/\/www.formacours.com\/footcafa\/wp-json\/wp\/v2\/categories?post=359"},{"taxonomy":"post_tag","embeddable":true,"href":"https:\/\/www.formacours.com\/footcafa\/wp-json\/wp\/v2\/tags?post=359"}],"curies":[{"name":"wp","href":"https:\/\/api.w.org\/{rel}","templated":true}]}}